{"id":63886,"date":"2026-09-04T19:11:18","date_gmt":"2026-09-04T17:11:18","guid":{"rendered":"https:\/\/www.mettmann.de\/web\/?p=63886"},"modified":"2026-09-04T19:31:49","modified_gmt":"2026-09-04T17:31:49","slug":"buergermeister-andre-baer-eroeffnet-das-48-mettmanner-heimatfest","status":"publish","type":"post","link":"https:\/\/www.mettmann.de\/web\/buergermeister-andre-baer-eroeffnet-das-48-mettmanner-heimatfest\/","title":{"rendered":"B\u00fcrgermeister Andr\u00e9 B\u00e4r er\u00f6ffnet das <nobr>48. Mettmanner Heimatfest<\/nobr>"},"content":{"rendered":"<p>P\u00fcnktlich um 18 Uhr, allerdings bei eher widrigen Wetterbedingungen, hat B\u00fcrgermeister Andr\u00e9 B\u00e4r zum ersten Mal in seiner Amtszeit das <a href=\"https:\/\/www.mettmann.de\/web\/anfang-september-wird-das-heimatfest-gefeiert\/\">Mettmanner Heimatfest<\/a> er\u00f6ffnet. Hierzu begr\u00fc\u00dfte er auf der B\u00fchne zahlreiche Sponsoren und Vertreterinnen und Vertreter der hiesigen Vereine, die sich am diesj\u00e4hrigen Heimatfest mit einem Stand und Programmpunkten beteiligen.&nbsp;<\/p>\n<p>&#8222;F\u00fcr ihre Unterst\u00fctzung, ob im ehrenamtlichen Bereich oder durch ihr Sponsoring, m\u00f6chte ich mich im Namen aller Mettmanner bei Ihnen herzlich bedanken&#8220;, sagte der B\u00fcrgermeister bei der Begr\u00fc\u00dfung auf der Heimatfest-B\u00fchne. &#8222;Ohne sie alle w\u00e4re diese Veranstaltung angesichts der angespannten st\u00e4dtischen Situation nur schwer durchf\u00fchrbar.&#8220;<\/p>\n<p>Bereits eine Stunde zuvor hatte es im historischen Stadtgeschichtshaus einen Empfang f\u00fcr die Sponsoren und Ratsmitglieder gegeben. Bei Snacks und k\u00fchlen Getr\u00e4nken gab es f\u00fcr die geladenen G\u00e4ste Gelegenheit, ins Gespr\u00e4ch zu kommen und sich auszutauschen. Auch G\u00e4ste aus der franz\u00f6sischen <a href=\"https:\/\/www.laval.fr\" target=\"_blank\" rel=\"noopener\">Partnerstadt Laval<\/a> konnten traditionell zum Auftakt des Heimatfestes begr\u00fc\u00dft werden.<\/p>\n<p>Ausdr\u00fccklichen Dank richtete Andr\u00e9 B\u00e4r aber auch an die st\u00e4dtischen Bediensteten, &#8222;die ebenfalls ihren Teil dazu beigetragen haben, dass das 48. Mettmanner Heimatfest in dieser Form stattfinden kann&#8220;, darunter der Baubetriebshof, die Ordnungsbeh\u00f6rde und das Team der <a href=\"https:\/\/www.mettmann.de\/web\/wirtschaftsfoerderung\/\">Stabstelle Wirtschaftschaftsf\u00f6rderung, Kultur und Stadtmarketing<\/a>.&nbsp;<\/p>\n<p>Glaubt man den Wettervorhersagen, dann soll es bereits am Freitagabend aufh\u00f6ren zu regnen und f\u00fcr das restliche Wochenende trocken bleiben. Eine hervorragende Gelegenheit also, das Heimatfest zu besuchen. Am Sonntag \u00f6ffnen au\u00dferdem in der Zeit von 13 bis 18 Uhr die Gesch\u00e4fte in der Innenstadt und ab 11 Uhr findet am Jubil\u00e4umsplatz der beliebte &#8222;Tr\u00f6delmarkt mit Herz&#8220; statt.<\/p>\n<p>&nbsp;<\/p>\n","protected":false},"excerpt":{"rendered":"<p>P\u00fcnktlich um 18 Uhr, allerdings bei eher widrigen Wetterbedingungen, hat B\u00fcrgermeister Andr\u00e9 B\u00e4r zum ersten Mal in seiner Amtszeit das Mettmanner Heimatfest er\u00f6ffnet. Hierzu begr\u00fc\u00dfte er auf der B\u00fchne zahlreiche Sponsoren und Vertreterinnen und Vertreter&#8230;<\/p>\n","protected":false},"author":1,"featured_media":63887,"comment_status":"closed","ping_status":"closed","sticky":false,"template":"","format":"standard","meta":{"ngg_post_thumbnail":0,"footnotes":""},"categories":[1],"tags":[4270,169,120,117,289,4,2888,734],"class_list":["post-63886","post","type-post","status-publish","format-standard","has-post-thumbnail","hentry","category-allgemein","tag-andre-baer","tag-buergermeister","tag-eroeffnung","tag-heimatfest","tag-laval","tag-mettmann","tag-sponsoren","tag-vereine"],"yoast_head":"<!-- This site is optimized with the Yoast SEO plugin v27.2 - https:\/\/yoast.com\/product\/yoast-seo-wordpress\/ -->\n<title>B\u00fcrgermeister Andr\u00e9 B\u00e4r er\u00f6ffnet das 48. Mettmanner Heimatfest<\/title>\n<meta name=\"robots\" content=\"index, follow, max-snippet:-1, max-image-preview:large, max-video-preview:-1\" \/>\n<link rel=\"canonical\" href=\"https:\/\/www.mettmann.de\/web\/buergermeister-andre-baer-eroeffnet-das-48-mettmanner-heimatfest\/\" \/>\n<meta property=\"og:locale\" content=\"de_DE\" \/>\n<meta property=\"og:type\" content=\"article\" \/>\n<meta property=\"og:title\" content=\"B\u00fcrgermeister Andr\u00e9 B\u00e4r er\u00f6ffnet das 48. Mettmanner Heimatfest\" \/>\n<meta property=\"og:description\" content=\"P\u00fcnktlich um 18 Uhr, allerdings bei eher widrigen Wetterbedingungen, hat B\u00fcrgermeister Andr\u00e9 B\u00e4r zum ersten Mal in seiner Amtszeit das Mettmanner Heimatfest er\u00f6ffnet. Hierzu begr\u00fc\u00dfte er auf der B\u00fchne zahlreiche Sponsoren und Vertreterinnen und Vertreter...\" \/>\n<meta property=\"og:url\" content=\"https:\/\/www.mettmann.de\/web\/buergermeister-andre-baer-eroeffnet-das-48-mettmanner-heimatfest\/\" \/>\n<meta property=\"og:site_name\" content=\"Stadtverwaltung Mettmann\" \/>\n<meta property=\"article:publisher\" content=\"https:\/\/www.facebook.com\/kreisstadt.mettmann\" \/>\n<meta property=\"article:published_time\" content=\"2026-09-04T17:11:18+00:00\" \/>\n<meta property=\"article:modified_time\" content=\"2026-09-04T17:31:49+00:00\" \/>\n<meta property=\"og:image\" content=\"https:\/\/www.mettmann.de\/web\/wp-content\/uploads\/2026\/09\/mettmann-heimatfest-2026-eroeffnung.jpg\" \/>\n\t<meta property=\"og:image:width\" content=\"1920\" \/>\n\t<meta property=\"og:image:height\" content=\"1080\" \/>\n\t<meta property=\"og:image:type\" content=\"image\/jpeg\" \/>\n<meta name=\"author\" content=\"chbarra\" \/>\n<meta name=\"twitter:card\" content=\"summary_large_image\" \/>\n<meta name=\"twitter:label1\" content=\"Verfasst von\" \/>\n\t<meta name=\"twitter:data1\" content=\"chbarra\" \/>\n\t<meta name=\"twitter:label2\" content=\"Gesch\u00e4tzte Lesezeit\" \/>\n\t<meta name=\"twitter:data2\" content=\"2\u00a0Minuten\" \/>\n<script type=\"application\/ld+json\" class=\"yoast-schema-graph\">{\"@context\":\"https:\/\/schema.org\",\"@graph\":[{\"@type\":\"Article\",\"@id\":\"https:\/\/www.mettmann.de\/web\/buergermeister-andre-baer-eroeffnet-das-48-mettmanner-heimatfest\/#article\",\"isPartOf\":{\"@id\":\"https:\/\/www.mettmann.de\/web\/buergermeister-andre-baer-eroeffnet-das-48-mettmanner-heimatfest\/\"},\"author\":{\"name\":\"chbarra\",\"@id\":\"https:\/\/www.mettmann.de\/web\/#\/schema\/person\/03e91284de46d07dd5399ec4af554dc6\"},\"headline\":\"B\u00fcrgermeister Andr\u00e9 B\u00e4r er\u00f6ffnet das 48. Mettmanner Heimatfest\",\"datePublished\":\"2026-09-04T17:11:18+00:00\",\"dateModified\":\"2026-09-04T17:31:49+00:00\",\"mainEntityOfPage\":{\"@id\":\"https:\/\/www.mettmann.de\/web\/buergermeister-andre-baer-eroeffnet-das-48-mettmanner-heimatfest\/\"},\"wordCount\":289,\"publisher\":{\"@id\":\"https:\/\/www.mettmann.de\/web\/#organization\"},\"image\":{\"@id\":\"https:\/\/www.mettmann.de\/web\/buergermeister-andre-baer-eroeffnet-das-48-mettmanner-heimatfest\/#primaryimage\"},\"thumbnailUrl\":\"https:\/\/www.mettmann.de\/web\/wp-content\/uploads\/2026\/09\/mettmann-heimatfest-2026-eroeffnung.jpg\",\"keywords\":[\"Andr\u00e9 B\u00e4r\",\"B\u00fcrgermeister\",\"Er\u00f6ffnung\",\"Heimatfest\",\"Laval\",\"Mettmann\",\"Sponsoren\",\"Vereine\"],\"inLanguage\":\"de\"},{\"@type\":\"WebPage\",\"@id\":\"https:\/\/www.mettmann.de\/web\/buergermeister-andre-baer-eroeffnet-das-48-mettmanner-heimatfest\/\",\"url\":\"https:\/\/www.mettmann.de\/web\/buergermeister-andre-baer-eroeffnet-das-48-mettmanner-heimatfest\/\",\"name\":\"B\u00fcrgermeister Andr\u00e9 B\u00e4r er\u00f6ffnet das 48. Mettmanner Heimatfest\",\"isPartOf\":{\"@id\":\"https:\/\/www.mettmann.de\/web\/#website\"},\"primaryImageOfPage\":{\"@id\":\"https:\/\/www.mettmann.de\/web\/buergermeister-andre-baer-eroeffnet-das-48-mettmanner-heimatfest\/#primaryimage\"},\"image\":{\"@id\":\"https:\/\/www.mettmann.de\/web\/buergermeister-andre-baer-eroeffnet-das-48-mettmanner-heimatfest\/#primaryimage\"},\"thumbnailUrl\":\"https:\/\/www.mettmann.de\/web\/wp-content\/uploads\/2026\/09\/mettmann-heimatfest-2026-eroeffnung.jpg\",\"datePublished\":\"2026-09-04T17:11:18+00:00\",\"dateModified\":\"2026-09-04T17:31:49+00:00\",\"breadcrumb\":{\"@id\":\"https:\/\/www.mettmann.de\/web\/buergermeister-andre-baer-eroeffnet-das-48-mettmanner-heimatfest\/#breadcrumb\"},\"inLanguage\":\"de\",\"potentialAction\":[{\"@type\":\"ReadAction\",\"target\":[\"https:\/\/www.mettmann.de\/web\/buergermeister-andre-baer-eroeffnet-das-48-mettmanner-heimatfest\/\"]}]},{\"@type\":\"ImageObject\",\"inLanguage\":\"de\",\"@id\":\"https:\/\/www.mettmann.de\/web\/buergermeister-andre-baer-eroeffnet-das-48-mettmanner-heimatfest\/#primaryimage\",\"url\":\"https:\/\/www.mettmann.de\/web\/wp-content\/uploads\/2026\/09\/mettmann-heimatfest-2026-eroeffnung.jpg\",\"contentUrl\":\"https:\/\/www.mettmann.de\/web\/wp-content\/uploads\/2026\/09\/mettmann-heimatfest-2026-eroeffnung.jpg\",\"width\":1920,\"height\":1080,\"caption\":\"B\u00fcrgermeister Andr\u00e9 B\u00e4r erf\u00f6ffnete am Freitagabend das 48. Mettmanner Heimatfest und konnte hierzu zahlreiche Sponsoren und Vereine auf der B\u00fchne begr\u00fc\u00dfen. (Foto: Kreisstadt Mettmann)\"},{\"@type\":\"BreadcrumbList\",\"@id\":\"https:\/\/www.mettmann.de\/web\/buergermeister-andre-baer-eroeffnet-das-48-mettmanner-heimatfest\/#breadcrumb\",\"itemListElement\":[{\"@type\":\"ListItem\",\"position\":1,\"name\":\"Startseite\",\"item\":\"https:\/\/www.mettmann.de\/web\/\"},{\"@type\":\"ListItem\",\"position\":2,\"name\":\"B\u00fcrgermeister Andr\u00e9 B\u00e4r er\u00f6ffnet das 48. Mettmanner Heimatfest\"}]},{\"@type\":\"WebSite\",\"@id\":\"https:\/\/www.mettmann.de\/web\/#website\",\"url\":\"https:\/\/www.mettmann.de\/web\/\",\"name\":\"Stadtverwaltung Mettmann\",\"description\":\"Internetseite der Kreisstadt Mettmann\",\"publisher\":{\"@id\":\"https:\/\/www.mettmann.de\/web\/#organization\"},\"potentialAction\":[{\"@type\":\"SearchAction\",\"target\":{\"@type\":\"EntryPoint\",\"urlTemplate\":\"https:\/\/www.mettmann.de\/web\/?s={search_term_string}\"},\"query-input\":{\"@type\":\"PropertyValueSpecification\",\"valueRequired\":true,\"valueName\":\"search_term_string\"}}],\"inLanguage\":\"de\"},{\"@type\":\"Organization\",\"@id\":\"https:\/\/www.mettmann.de\/web\/#organization\",\"name\":\"Kreisstadt Mettmann\",\"url\":\"https:\/\/www.mettmann.de\/web\/\",\"logo\":{\"@type\":\"ImageObject\",\"inLanguage\":\"de\",\"@id\":\"https:\/\/www.mettmann.de\/web\/#\/schema\/logo\/image\/\",\"url\":\"https:\/\/www.mettmann.de\/web\/wp-content\/uploads\/2019\/08\/Kreisstadt_Mettmann_Logo_RGB_150dpi.png\",\"contentUrl\":\"https:\/\/www.mettmann.de\/web\/wp-content\/uploads\/2019\/08\/Kreisstadt_Mettmann_Logo_RGB_150dpi.png\",\"width\":1302,\"height\":191,\"caption\":\"Kreisstadt Mettmann\"},\"image\":{\"@id\":\"https:\/\/www.mettmann.de\/web\/#\/schema\/logo\/image\/\"},\"sameAs\":[\"https:\/\/www.facebook.com\/kreisstadt.mettmann\",\"https:\/\/de.wikipedia.org\/wiki\/Mettmann\"]},{\"@type\":\"Person\",\"@id\":\"https:\/\/www.mettmann.de\/web\/#\/schema\/person\/03e91284de46d07dd5399ec4af554dc6\",\"name\":\"chbarra\"}]}<\/script>\n<!-- \/ Yoast SEO plugin. -->","yoast_head_json":{"title":"B\u00fcrgermeister Andr\u00e9 B\u00e4r er\u00f6ffnet das 48. Mettmanner Heimatfest","robots":{"index":"index","follow":"follow","max-snippet":"max-snippet:-1","max-image-preview":"max-image-preview:large","max-video-preview":"max-video-preview:-1"},"canonical":"https:\/\/www.mettmann.de\/web\/buergermeister-andre-baer-eroeffnet-das-48-mettmanner-heimatfest\/","og_locale":"de_DE","og_type":"article","og_title":"B\u00fcrgermeister Andr\u00e9 B\u00e4r er\u00f6ffnet das 48. Mettmanner Heimatfest","og_description":"P\u00fcnktlich um 18 Uhr, allerdings bei eher widrigen Wetterbedingungen, hat B\u00fcrgermeister Andr\u00e9 B\u00e4r zum ersten Mal in seiner Amtszeit das Mettmanner Heimatfest er\u00f6ffnet. Hierzu begr\u00fc\u00dfte er auf der B\u00fchne zahlreiche Sponsoren und Vertreterinnen und Vertreter...","og_url":"https:\/\/www.mettmann.de\/web\/buergermeister-andre-baer-eroeffnet-das-48-mettmanner-heimatfest\/","og_site_name":"Stadtverwaltung Mettmann","article_publisher":"https:\/\/www.facebook.com\/kreisstadt.mettmann","article_published_time":"2026-09-04T17:11:18+00:00","article_modified_time":"2026-09-04T17:31:49+00:00","og_image":[{"width":1920,"height":1080,"url":"https:\/\/www.mettmann.de\/web\/wp-content\/uploads\/2026\/09\/mettmann-heimatfest-2026-eroeffnung.jpg","type":"image\/jpeg"}],"author":"chbarra","twitter_card":"summary_large_image","twitter_misc":{"Verfasst von":"chbarra","Gesch\u00e4tzte Lesezeit":"2\u00a0Minuten"},"schema":{"@context":"https:\/\/schema.org","@graph":[{"@type":"Article","@id":"https:\/\/www.mettmann.de\/web\/buergermeister-andre-baer-eroeffnet-das-48-mettmanner-heimatfest\/#article","isPartOf":{"@id":"https:\/\/www.mettmann.de\/web\/buergermeister-andre-baer-eroeffnet-das-48-mettmanner-heimatfest\/"},"author":{"name":"chbarra","@id":"https:\/\/www.mettmann.de\/web\/#\/schema\/person\/03e91284de46d07dd5399ec4af554dc6"},"headline":"B\u00fcrgermeister Andr\u00e9 B\u00e4r er\u00f6ffnet das 48. Mettmanner Heimatfest","datePublished":"2026-09-04T17:11:18+00:00","dateModified":"2026-09-04T17:31:49+00:00","mainEntityOfPage":{"@id":"https:\/\/www.mettmann.de\/web\/buergermeister-andre-baer-eroeffnet-das-48-mettmanner-heimatfest\/"},"wordCount":289,"publisher":{"@id":"https:\/\/www.mettmann.de\/web\/#organization"},"image":{"@id":"https:\/\/www.mettmann.de\/web\/buergermeister-andre-baer-eroeffnet-das-48-mettmanner-heimatfest\/#primaryimage"},"thumbnailUrl":"https:\/\/www.mettmann.de\/web\/wp-content\/uploads\/2026\/09\/mettmann-heimatfest-2026-eroeffnung.jpg","keywords":["Andr\u00e9 B\u00e4r","B\u00fcrgermeister","Er\u00f6ffnung","Heimatfest","Laval","Mettmann","Sponsoren","Vereine"],"inLanguage":"de"},{"@type":"WebPage","@id":"https:\/\/www.mettmann.de\/web\/buergermeister-andre-baer-eroeffnet-das-48-mettmanner-heimatfest\/","url":"https:\/\/www.mettmann.de\/web\/buergermeister-andre-baer-eroeffnet-das-48-mettmanner-heimatfest\/","name":"B\u00fcrgermeister Andr\u00e9 B\u00e4r er\u00f6ffnet das 48. Mettmanner Heimatfest","isPartOf":{"@id":"https:\/\/www.mettmann.de\/web\/#website"},"primaryImageOfPage":{"@id":"https:\/\/www.mettmann.de\/web\/buergermeister-andre-baer-eroeffnet-das-48-mettmanner-heimatfest\/#primaryimage"},"image":{"@id":"https:\/\/www.mettmann.de\/web\/buergermeister-andre-baer-eroeffnet-das-48-mettmanner-heimatfest\/#primaryimage"},"thumbnailUrl":"https:\/\/www.mettmann.de\/web\/wp-content\/uploads\/2026\/09\/mettmann-heimatfest-2026-eroeffnung.jpg","datePublished":"2026-09-04T17:11:18+00:00","dateModified":"2026-09-04T17:31:49+00:00","breadcrumb":{"@id":"https:\/\/www.mettmann.de\/web\/buergermeister-andre-baer-eroeffnet-das-48-mettmanner-heimatfest\/#breadcrumb"},"inLanguage":"de","potentialAction":[{"@type":"ReadAction","target":["https:\/\/www.mettmann.de\/web\/buergermeister-andre-baer-eroeffnet-das-48-mettmanner-heimatfest\/"]}]},{"@type":"ImageObject","inLanguage":"de","@id":"https:\/\/www.mettmann.de\/web\/buergermeister-andre-baer-eroeffnet-das-48-mettmanner-heimatfest\/#primaryimage","url":"https:\/\/www.mettmann.de\/web\/wp-content\/uploads\/2026\/09\/mettmann-heimatfest-2026-eroeffnung.jpg","contentUrl":"https:\/\/www.mettmann.de\/web\/wp-content\/uploads\/2026\/09\/mettmann-heimatfest-2026-eroeffnung.jpg","width":1920,"height":1080,"caption":"B\u00fcrgermeister Andr\u00e9 B\u00e4r erf\u00f6ffnete am Freitagabend das 48. Mettmanner Heimatfest und konnte hierzu zahlreiche Sponsoren und Vereine auf der B\u00fchne begr\u00fc\u00dfen. (Foto: Kreisstadt Mettmann)"},{"@type":"BreadcrumbList","@id":"https:\/\/www.mettmann.de\/web\/buergermeister-andre-baer-eroeffnet-das-48-mettmanner-heimatfest\/#breadcrumb","itemListElement":[{"@type":"ListItem","position":1,"name":"Startseite","item":"https:\/\/www.mettmann.de\/web\/"},{"@type":"ListItem","position":2,"name":"B\u00fcrgermeister Andr\u00e9 B\u00e4r er\u00f6ffnet das 48. Mettmanner Heimatfest"}]},{"@type":"WebSite","@id":"https:\/\/www.mettmann.de\/web\/#website","url":"https:\/\/www.mettmann.de\/web\/","name":"Stadtverwaltung Mettmann","description":"Internetseite der Kreisstadt Mettmann","publisher":{"@id":"https:\/\/www.mettmann.de\/web\/#organization"},"potentialAction":[{"@type":"SearchAction","target":{"@type":"EntryPoint","urlTemplate":"https:\/\/www.mettmann.de\/web\/?s={search_term_string}"},"query-input":{"@type":"PropertyValueSpecification","valueRequired":true,"valueName":"search_term_string"}}],"inLanguage":"de"},{"@type":"Organization","@id":"https:\/\/www.mettmann.de\/web\/#organization","name":"Kreisstadt Mettmann","url":"https:\/\/www.mettmann.de\/web\/","logo":{"@type":"ImageObject","inLanguage":"de","@id":"https:\/\/www.mettmann.de\/web\/#\/schema\/logo\/image\/","url":"https:\/\/www.mettmann.de\/web\/wp-content\/uploads\/2019\/08\/Kreisstadt_Mettmann_Logo_RGB_150dpi.png","contentUrl":"https:\/\/www.mettmann.de\/web\/wp-content\/uploads\/2019\/08\/Kreisstadt_Mettmann_Logo_RGB_150dpi.png","width":1302,"height":191,"caption":"Kreisstadt Mettmann"},"image":{"@id":"https:\/\/www.mettmann.de\/web\/#\/schema\/logo\/image\/"},"sameAs":["https:\/\/www.facebook.com\/kreisstadt.mettmann","https:\/\/de.wikipedia.org\/wiki\/Mettmann"]},{"@type":"Person","@id":"https:\/\/www.mettmann.de\/web\/#\/schema\/person\/03e91284de46d07dd5399ec4af554dc6","name":"chbarra"}]}},"_links":{"self":[{"href":"https:\/\/www.mettmann.de\/web\/wp-json\/wp\/v2\/posts\/63886","targetHints":{"allow":["GET"]}}],"collection":[{"href":"https:\/\/www.mettmann.de\/web\/wp-json\/wp\/v2\/posts"}],"about":[{"href":"https:\/\/www.mettmann.de\/web\/wp-json\/wp\/v2\/types\/post"}],"author":[{"embeddable":true,"href":"https:\/\/www.mettmann.de\/web\/wp-json\/wp\/v2\/users\/1"}],"replies":[{"embeddable":true,"href":"https:\/\/www.mettmann.de\/web\/wp-json\/wp\/v2\/comments?post=63886"}],"version-history":[{"count":2,"href":"https:\/\/www.mettmann.de\/web\/wp-json\/wp\/v2\/posts\/63886\/revisions"}],"predecessor-version":[{"id":63889,"href":"https:\/\/www.mettmann.de\/web\/wp-json\/wp\/v2\/posts\/63886\/revisions\/63889"}],"wp:featuredmedia":[{"embeddable":true,"href":"https:\/\/www.mettmann.de\/web\/wp-json\/wp\/v2\/media\/63887"}],"wp:attachment":[{"href":"https:\/\/www.mettmann.de\/web\/wp-json\/wp\/v2\/media?parent=63886"}],"wp:term":[{"taxonomy":"category","embeddable":true,"href":"https:\/\/www.mettmann.de\/web\/wp-json\/wp\/v2\/categories?post=63886"},{"taxonomy":"post_tag","embeddable":true,"href":"https:\/\/www.mettmann.de\/web\/wp-json\/wp\/v2\/tags?post=63886"}],"curies":[{"name":"wp","href":"https:\/\/api.w.org\/{rel}","templated":true}]}}