{"id":7005,"date":"2020-09-03T16:32:19","date_gmt":"2020-09-03T14:32:19","guid":{"rendered":"https:\/\/www.mettmann.de\/web\/?p=7005"},"modified":"2020-09-03T16:59:23","modified_gmt":"2020-09-03T14:59:23","slug":"buergermeister-thomas-dinkelmann-trifft-neue-evk-geschaeftsfuehrerin-jessica-llerandi-pulido","status":"publish","type":"post","link":"https:\/\/www.mettmann.de\/web\/buergermeister-thomas-dinkelmann-trifft-neue-evk-geschaeftsfuehrerin-jessica-llerandi-pulido\/","title":{"rendered":"B\u00fcrgermeister Thomas Dinkelmann trifft neue <nobr>EVK-Gesch\u00e4ftsf\u00fchrerin<\/nobr>"},"content":{"rendered":"<p>Mitten in der Corona-Pandemie hat es im Evangelischen Krankenhaus Mettmann (EVK) einen Wechsel in der Gesch\u00e4ftsf\u00fchrung gegeben. F\u00fcr Bernd Huckels, der nach 30 Jahren als Gesch\u00e4ftsf\u00fchrer des EVK in den Ruhestand getreten ist, hat Jessica Llerandi Pulido die Leitung der Klinik \u00fcbernommen. \u201eDas war schon eine besondere Herausforderung\u201c, sagt die 36-j\u00e4hrige studierte Gesundheits\u00f6konomin, die seit neun Jahren in der Mettmanner Klinik besch\u00e4ftigt ist, zuletzt als Kaufm\u00e4nnische Leiterin.<\/p>\n<p>B\u00fcrgermeister Thomas Dinkelmann begl\u00fcckw\u00fcnschte Jessica Llerandi Pulido bei seinem Besuch im EVK zu ihrer neuen Aufgabe und w\u00fcnschte ihr viel Gl\u00fcck und Erfolg. Das EVK habe als modernes, leistungsf\u00e4higes Gesundheitszentrum f\u00fcr die Stadt einen ganz besonderen Stellenwert, sagte B\u00fcrgermeister Dinkelmann: \u201eDas Evangelische Krankenhaus ist f\u00fcr Mettmann ein wichtiger Standortfaktor und erh\u00f6ht die Attraktivit\u00e4t unserer Stadt. Ich werde mich, wo immer es m\u00f6glich ist, daf\u00fcr einsetzen, dass dies so bleibt.\u201c<\/p>\n<p>Jessica Llerandi Puldio erkl\u00e4rte dem B\u00fcrgermeister, dass sie sich w\u00fcnscht, dass das Evangelische Krankenhaus weiter w\u00e4chst. Die Voraussetzungen daf\u00fcr seien hervorragend. \u201eWir haben ein hoch qualifiziertes und sehr motiviertes Team und eine gute Infrastruktur\u201c, so die geb\u00fcrtige Duisburgerin mit spanischen Wurzeln. Das Krankenhaus habe ein Einzugsgebiet von mehr als 120.000 Menschen. F\u00fcr die neurologische Versorgung von Patienten sieht sie Entwicklungspotenzial f\u00fcrs EVK. \u201eEs ist schwierig f\u00fcr Rettungsdienste, dass wir in diesem Bereich nur eine Grundversorgung anbieten k\u00f6nnen\u201c, sagte Jessica Llerandi Pulido.<\/p>\n<p>Die Sanierung und Modernisierung weiterer Patientenstationen m\u00f6chte sie vorantreiben. Au\u00dferdem will sie die Zufahrt auf das Krankenhausgel\u00e4nde verbessern. \u201eBesonders die enge Zufahrt zur Liegend-Anfahrt f\u00fcr die Rettungswagen muss dringend neu gestaltet werden\u201c, sagte sie.<\/p>\n<p>Wie ihr Vorg\u00e4nger w\u00fcnscht sich Jessica Llerandi Pulido einen engen und regelm\u00e4\u00dfigen Austausch mit dem B\u00fcrgermeister und der Politik. B\u00fcrgermeister Dinkelmann sicherte seine Unterst\u00fctzung zu: \u201eWenn irgendetwas ist, scheuen Sie nicht, mich anzurufen. Was wir tun k\u00f6nnen, machen wir.\u201c<\/p>\n","protected":false},"excerpt":{"rendered":"<p>Mitten in der Corona-Pandemie hat es im Evangelischen Krankenhaus Mettmann (EVK) einen Wechsel in der Gesch\u00e4ftsf\u00fchrung gegeben. F\u00fcr Bernd Huckels, der nach 30 Jahren als Gesch\u00e4ftsf\u00fchrer des EVK in den Ruhestand getreten ist, hat Jessica&#8230;<\/p>\n","protected":false},"author":2,"featured_media":7012,"comment_status":"closed","ping_status":"open","sticky":false,"template":"","format":"standard","meta":{"ngg_post_thumbnail":0,"footnotes":""},"categories":[1],"tags":[12,738,1295,1293,1294,739,4],"class_list":["post-7005","post","type-post","status-publish","format-standard","has-post-thumbnail","hentry","category-allgemein","tag-dinkelmann","tag-evk","tag-geschaeftsfuehrerin","tag-gesundheitszentrum","tag-jessica-llerandi-pulido","tag-krankenhaus","tag-mettmann"],"yoast_head":"<!-- This site is optimized with the Yoast SEO plugin v27.2 - https:\/\/yoast.com\/product\/yoast-seo-wordpress\/ -->\n<title>B\u00fcrgermeister Thomas Dinkelmann trifft neue EVK-Gesch\u00e4ftsf\u00fchrerin<\/title>\n<meta name=\"robots\" content=\"index, follow, max-snippet:-1, max-image-preview:large, max-video-preview:-1\" \/>\n<link rel=\"canonical\" href=\"https:\/\/www.mettmann.de\/web\/buergermeister-thomas-dinkelmann-trifft-neue-evk-geschaeftsfuehrerin-jessica-llerandi-pulido\/\" \/>\n<meta property=\"og:locale\" content=\"de_DE\" \/>\n<meta property=\"og:type\" content=\"article\" \/>\n<meta property=\"og:title\" content=\"B\u00fcrgermeister Thomas Dinkelmann trifft neue EVK-Gesch\u00e4ftsf\u00fchrerin\" \/>\n<meta property=\"og:description\" content=\"Mitten in der Corona-Pandemie hat es im Evangelischen Krankenhaus Mettmann (EVK) einen Wechsel in der Gesch\u00e4ftsf\u00fchrung gegeben. F\u00fcr Bernd Huckels, der nach 30 Jahren als Gesch\u00e4ftsf\u00fchrer des EVK in den Ruhestand getreten ist, hat Jessica...\" \/>\n<meta property=\"og:url\" content=\"https:\/\/www.mettmann.de\/web\/buergermeister-thomas-dinkelmann-trifft-neue-evk-geschaeftsfuehrerin-jessica-llerandi-pulido\/\" \/>\n<meta property=\"og:site_name\" content=\"Stadtverwaltung Mettmann\" \/>\n<meta property=\"article:publisher\" content=\"https:\/\/www.facebook.com\/kreisstadt.mettmann\" \/>\n<meta property=\"article:published_time\" content=\"2020-09-03T14:32:19+00:00\" \/>\n<meta property=\"article:modified_time\" content=\"2020-09-03T14:59:23+00:00\" \/>\n<meta property=\"og:image\" content=\"https:\/\/www.mettmann.de\/web\/wp-content\/uploads\/2020\/09\/evk-Jessica-Llerandi-Pulido-scaled.jpg\" \/>\n\t<meta property=\"og:image:width\" content=\"2560\" \/>\n\t<meta property=\"og:image:height\" content=\"1440\" \/>\n\t<meta property=\"og:image:type\" content=\"image\/jpeg\" \/>\n<meta name=\"author\" content=\"LekiesT\" \/>\n<meta name=\"twitter:card\" content=\"summary_large_image\" \/>\n<meta name=\"twitter:label1\" content=\"Verfasst von\" \/>\n\t<meta name=\"twitter:data1\" content=\"LekiesT\" \/>\n\t<meta name=\"twitter:label2\" content=\"Gesch\u00e4tzte Lesezeit\" \/>\n\t<meta name=\"twitter:data2\" content=\"2\u00a0Minuten\" \/>\n<script type=\"application\/ld+json\" class=\"yoast-schema-graph\">{\"@context\":\"https:\/\/schema.org\",\"@graph\":[{\"@type\":\"Article\",\"@id\":\"https:\/\/www.mettmann.de\/web\/buergermeister-thomas-dinkelmann-trifft-neue-evk-geschaeftsfuehrerin-jessica-llerandi-pulido\/#article\",\"isPartOf\":{\"@id\":\"https:\/\/www.mettmann.de\/web\/buergermeister-thomas-dinkelmann-trifft-neue-evk-geschaeftsfuehrerin-jessica-llerandi-pulido\/\"},\"author\":{\"name\":\"LekiesT\",\"@id\":\"https:\/\/www.mettmann.de\/web\/#\/schema\/person\/c0deeeba8d377efe8e769dc7f56c2292\"},\"headline\":\"B\u00fcrgermeister Thomas Dinkelmann trifft neue EVK-Gesch\u00e4ftsf\u00fchrerin\",\"datePublished\":\"2020-09-03T14:32:19+00:00\",\"dateModified\":\"2020-09-03T14:59:23+00:00\",\"mainEntityOfPage\":{\"@id\":\"https:\/\/www.mettmann.de\/web\/buergermeister-thomas-dinkelmann-trifft-neue-evk-geschaeftsfuehrerin-jessica-llerandi-pulido\/\"},\"wordCount\":340,\"publisher\":{\"@id\":\"https:\/\/www.mettmann.de\/web\/#organization\"},\"image\":{\"@id\":\"https:\/\/www.mettmann.de\/web\/buergermeister-thomas-dinkelmann-trifft-neue-evk-geschaeftsfuehrerin-jessica-llerandi-pulido\/#primaryimage\"},\"thumbnailUrl\":\"https:\/\/www.mettmann.de\/web\/wp-content\/uploads\/2020\/09\/evk-Jessica-Llerandi-Pulido-scaled.jpg\",\"keywords\":[\"Dinkelmann\",\"EVK\",\"Gesch\u00e4ftsf\u00fchrerin\",\"Gesundheitszentrum\",\"Jessica Llerandi Pulido\",\"Krankenhaus\",\"Mettmann\"],\"inLanguage\":\"de\"},{\"@type\":\"WebPage\",\"@id\":\"https:\/\/www.mettmann.de\/web\/buergermeister-thomas-dinkelmann-trifft-neue-evk-geschaeftsfuehrerin-jessica-llerandi-pulido\/\",\"url\":\"https:\/\/www.mettmann.de\/web\/buergermeister-thomas-dinkelmann-trifft-neue-evk-geschaeftsfuehrerin-jessica-llerandi-pulido\/\",\"name\":\"B\u00fcrgermeister Thomas Dinkelmann trifft neue EVK-Gesch\u00e4ftsf\u00fchrerin\",\"isPartOf\":{\"@id\":\"https:\/\/www.mettmann.de\/web\/#website\"},\"primaryImageOfPage\":{\"@id\":\"https:\/\/www.mettmann.de\/web\/buergermeister-thomas-dinkelmann-trifft-neue-evk-geschaeftsfuehrerin-jessica-llerandi-pulido\/#primaryimage\"},\"image\":{\"@id\":\"https:\/\/www.mettmann.de\/web\/buergermeister-thomas-dinkelmann-trifft-neue-evk-geschaeftsfuehrerin-jessica-llerandi-pulido\/#primaryimage\"},\"thumbnailUrl\":\"https:\/\/www.mettmann.de\/web\/wp-content\/uploads\/2020\/09\/evk-Jessica-Llerandi-Pulido-scaled.jpg\",\"datePublished\":\"2020-09-03T14:32:19+00:00\",\"dateModified\":\"2020-09-03T14:59:23+00:00\",\"breadcrumb\":{\"@id\":\"https:\/\/www.mettmann.de\/web\/buergermeister-thomas-dinkelmann-trifft-neue-evk-geschaeftsfuehrerin-jessica-llerandi-pulido\/#breadcrumb\"},\"inLanguage\":\"de\",\"potentialAction\":[{\"@type\":\"ReadAction\",\"target\":[\"https:\/\/www.mettmann.de\/web\/buergermeister-thomas-dinkelmann-trifft-neue-evk-geschaeftsfuehrerin-jessica-llerandi-pulido\/\"]}]},{\"@type\":\"ImageObject\",\"inLanguage\":\"de\",\"@id\":\"https:\/\/www.mettmann.de\/web\/buergermeister-thomas-dinkelmann-trifft-neue-evk-geschaeftsfuehrerin-jessica-llerandi-pulido\/#primaryimage\",\"url\":\"https:\/\/www.mettmann.de\/web\/wp-content\/uploads\/2020\/09\/evk-Jessica-Llerandi-Pulido-scaled.jpg\",\"contentUrl\":\"https:\/\/www.mettmann.de\/web\/wp-content\/uploads\/2020\/09\/evk-Jessica-Llerandi-Pulido-scaled.jpg\",\"width\":2560,\"height\":1440,\"caption\":\"B\u00fcrgermeister Thomas Dinkelmann w\u00fcnscht Jessica Llerandi Pulido f\u00fcr ihre neue Aufgabe als Gesch\u00e4ftsf\u00fchrerin des Evangelischen Krankenhauses Mettmann viel Erfolg. (Foto: Kreisstadt Mettmann)\"},{\"@type\":\"BreadcrumbList\",\"@id\":\"https:\/\/www.mettmann.de\/web\/buergermeister-thomas-dinkelmann-trifft-neue-evk-geschaeftsfuehrerin-jessica-llerandi-pulido\/#breadcrumb\",\"itemListElement\":[{\"@type\":\"ListItem\",\"position\":1,\"name\":\"Startseite\",\"item\":\"https:\/\/www.mettmann.de\/web\/\"},{\"@type\":\"ListItem\",\"position\":2,\"name\":\"B\u00fcrgermeister Thomas Dinkelmann trifft neue EVK-Gesch\u00e4ftsf\u00fchrerin\"}]},{\"@type\":\"WebSite\",\"@id\":\"https:\/\/www.mettmann.de\/web\/#website\",\"url\":\"https:\/\/www.mettmann.de\/web\/\",\"name\":\"Stadtverwaltung Mettmann\",\"description\":\"Internetseite der Kreisstadt Mettmann\",\"publisher\":{\"@id\":\"https:\/\/www.mettmann.de\/web\/#organization\"},\"potentialAction\":[{\"@type\":\"SearchAction\",\"target\":{\"@type\":\"EntryPoint\",\"urlTemplate\":\"https:\/\/www.mettmann.de\/web\/?s={search_term_string}\"},\"query-input\":{\"@type\":\"PropertyValueSpecification\",\"valueRequired\":true,\"valueName\":\"search_term_string\"}}],\"inLanguage\":\"de\"},{\"@type\":\"Organization\",\"@id\":\"https:\/\/www.mettmann.de\/web\/#organization\",\"name\":\"Kreisstadt Mettmann\",\"url\":\"https:\/\/www.mettmann.de\/web\/\",\"logo\":{\"@type\":\"ImageObject\",\"inLanguage\":\"de\",\"@id\":\"https:\/\/www.mettmann.de\/web\/#\/schema\/logo\/image\/\",\"url\":\"https:\/\/www.mettmann.de\/web\/wp-content\/uploads\/2019\/08\/Kreisstadt_Mettmann_Logo_RGB_150dpi.png\",\"contentUrl\":\"https:\/\/www.mettmann.de\/web\/wp-content\/uploads\/2019\/08\/Kreisstadt_Mettmann_Logo_RGB_150dpi.png\",\"width\":1302,\"height\":191,\"caption\":\"Kreisstadt Mettmann\"},\"image\":{\"@id\":\"https:\/\/www.mettmann.de\/web\/#\/schema\/logo\/image\/\"},\"sameAs\":[\"https:\/\/www.facebook.com\/kreisstadt.mettmann\",\"https:\/\/de.wikipedia.org\/wiki\/Mettmann\"]},{\"@type\":\"Person\",\"@id\":\"https:\/\/www.mettmann.de\/web\/#\/schema\/person\/c0deeeba8d377efe8e769dc7f56c2292\",\"name\":\"LekiesT\"}]}<\/script>\n<!-- \/ Yoast SEO plugin. -->","yoast_head_json":{"title":"B\u00fcrgermeister Thomas Dinkelmann trifft neue EVK-Gesch\u00e4ftsf\u00fchrerin","robots":{"index":"index","follow":"follow","max-snippet":"max-snippet:-1","max-image-preview":"max-image-preview:large","max-video-preview":"max-video-preview:-1"},"canonical":"https:\/\/www.mettmann.de\/web\/buergermeister-thomas-dinkelmann-trifft-neue-evk-geschaeftsfuehrerin-jessica-llerandi-pulido\/","og_locale":"de_DE","og_type":"article","og_title":"B\u00fcrgermeister Thomas Dinkelmann trifft neue EVK-Gesch\u00e4ftsf\u00fchrerin","og_description":"Mitten in der Corona-Pandemie hat es im Evangelischen Krankenhaus Mettmann (EVK) einen Wechsel in der Gesch\u00e4ftsf\u00fchrung gegeben. F\u00fcr Bernd Huckels, der nach 30 Jahren als Gesch\u00e4ftsf\u00fchrer des EVK in den Ruhestand getreten ist, hat Jessica...","og_url":"https:\/\/www.mettmann.de\/web\/buergermeister-thomas-dinkelmann-trifft-neue-evk-geschaeftsfuehrerin-jessica-llerandi-pulido\/","og_site_name":"Stadtverwaltung Mettmann","article_publisher":"https:\/\/www.facebook.com\/kreisstadt.mettmann","article_published_time":"2020-09-03T14:32:19+00:00","article_modified_time":"2020-09-03T14:59:23+00:00","og_image":[{"width":2560,"height":1440,"url":"https:\/\/www.mettmann.de\/web\/wp-content\/uploads\/2020\/09\/evk-Jessica-Llerandi-Pulido-scaled.jpg","type":"image\/jpeg"}],"author":"LekiesT","twitter_card":"summary_large_image","twitter_misc":{"Verfasst von":"LekiesT","Gesch\u00e4tzte Lesezeit":"2\u00a0Minuten"},"schema":{"@context":"https:\/\/schema.org","@graph":[{"@type":"Article","@id":"https:\/\/www.mettmann.de\/web\/buergermeister-thomas-dinkelmann-trifft-neue-evk-geschaeftsfuehrerin-jessica-llerandi-pulido\/#article","isPartOf":{"@id":"https:\/\/www.mettmann.de\/web\/buergermeister-thomas-dinkelmann-trifft-neue-evk-geschaeftsfuehrerin-jessica-llerandi-pulido\/"},"author":{"name":"LekiesT","@id":"https:\/\/www.mettmann.de\/web\/#\/schema\/person\/c0deeeba8d377efe8e769dc7f56c2292"},"headline":"B\u00fcrgermeister Thomas Dinkelmann trifft neue EVK-Gesch\u00e4ftsf\u00fchrerin","datePublished":"2020-09-03T14:32:19+00:00","dateModified":"2020-09-03T14:59:23+00:00","mainEntityOfPage":{"@id":"https:\/\/www.mettmann.de\/web\/buergermeister-thomas-dinkelmann-trifft-neue-evk-geschaeftsfuehrerin-jessica-llerandi-pulido\/"},"wordCount":340,"publisher":{"@id":"https:\/\/www.mettmann.de\/web\/#organization"},"image":{"@id":"https:\/\/www.mettmann.de\/web\/buergermeister-thomas-dinkelmann-trifft-neue-evk-geschaeftsfuehrerin-jessica-llerandi-pulido\/#primaryimage"},"thumbnailUrl":"https:\/\/www.mettmann.de\/web\/wp-content\/uploads\/2020\/09\/evk-Jessica-Llerandi-Pulido-scaled.jpg","keywords":["Dinkelmann","EVK","Gesch\u00e4ftsf\u00fchrerin","Gesundheitszentrum","Jessica Llerandi Pulido","Krankenhaus","Mettmann"],"inLanguage":"de"},{"@type":"WebPage","@id":"https:\/\/www.mettmann.de\/web\/buergermeister-thomas-dinkelmann-trifft-neue-evk-geschaeftsfuehrerin-jessica-llerandi-pulido\/","url":"https:\/\/www.mettmann.de\/web\/buergermeister-thomas-dinkelmann-trifft-neue-evk-geschaeftsfuehrerin-jessica-llerandi-pulido\/","name":"B\u00fcrgermeister Thomas Dinkelmann trifft neue EVK-Gesch\u00e4ftsf\u00fchrerin","isPartOf":{"@id":"https:\/\/www.mettmann.de\/web\/#website"},"primaryImageOfPage":{"@id":"https:\/\/www.mettmann.de\/web\/buergermeister-thomas-dinkelmann-trifft-neue-evk-geschaeftsfuehrerin-jessica-llerandi-pulido\/#primaryimage"},"image":{"@id":"https:\/\/www.mettmann.de\/web\/buergermeister-thomas-dinkelmann-trifft-neue-evk-geschaeftsfuehrerin-jessica-llerandi-pulido\/#primaryimage"},"thumbnailUrl":"https:\/\/www.mettmann.de\/web\/wp-content\/uploads\/2020\/09\/evk-Jessica-Llerandi-Pulido-scaled.jpg","datePublished":"2020-09-03T14:32:19+00:00","dateModified":"2020-09-03T14:59:23+00:00","breadcrumb":{"@id":"https:\/\/www.mettmann.de\/web\/buergermeister-thomas-dinkelmann-trifft-neue-evk-geschaeftsfuehrerin-jessica-llerandi-pulido\/#breadcrumb"},"inLanguage":"de","potentialAction":[{"@type":"ReadAction","target":["https:\/\/www.mettmann.de\/web\/buergermeister-thomas-dinkelmann-trifft-neue-evk-geschaeftsfuehrerin-jessica-llerandi-pulido\/"]}]},{"@type":"ImageObject","inLanguage":"de","@id":"https:\/\/www.mettmann.de\/web\/buergermeister-thomas-dinkelmann-trifft-neue-evk-geschaeftsfuehrerin-jessica-llerandi-pulido\/#primaryimage","url":"https:\/\/www.mettmann.de\/web\/wp-content\/uploads\/2020\/09\/evk-Jessica-Llerandi-Pulido-scaled.jpg","contentUrl":"https:\/\/www.mettmann.de\/web\/wp-content\/uploads\/2020\/09\/evk-Jessica-Llerandi-Pulido-scaled.jpg","width":2560,"height":1440,"caption":"B\u00fcrgermeister Thomas Dinkelmann w\u00fcnscht Jessica Llerandi Pulido f\u00fcr ihre neue Aufgabe als Gesch\u00e4ftsf\u00fchrerin des Evangelischen Krankenhauses Mettmann viel Erfolg. (Foto: Kreisstadt Mettmann)"},{"@type":"BreadcrumbList","@id":"https:\/\/www.mettmann.de\/web\/buergermeister-thomas-dinkelmann-trifft-neue-evk-geschaeftsfuehrerin-jessica-llerandi-pulido\/#breadcrumb","itemListElement":[{"@type":"ListItem","position":1,"name":"Startseite","item":"https:\/\/www.mettmann.de\/web\/"},{"@type":"ListItem","position":2,"name":"B\u00fcrgermeister Thomas Dinkelmann trifft neue EVK-Gesch\u00e4ftsf\u00fchrerin"}]},{"@type":"WebSite","@id":"https:\/\/www.mettmann.de\/web\/#website","url":"https:\/\/www.mettmann.de\/web\/","name":"Stadtverwaltung Mettmann","description":"Internetseite der Kreisstadt Mettmann","publisher":{"@id":"https:\/\/www.mettmann.de\/web\/#organization"},"potentialAction":[{"@type":"SearchAction","target":{"@type":"EntryPoint","urlTemplate":"https:\/\/www.mettmann.de\/web\/?s={search_term_string}"},"query-input":{"@type":"PropertyValueSpecification","valueRequired":true,"valueName":"search_term_string"}}],"inLanguage":"de"},{"@type":"Organization","@id":"https:\/\/www.mettmann.de\/web\/#organization","name":"Kreisstadt Mettmann","url":"https:\/\/www.mettmann.de\/web\/","logo":{"@type":"ImageObject","inLanguage":"de","@id":"https:\/\/www.mettmann.de\/web\/#\/schema\/logo\/image\/","url":"https:\/\/www.mettmann.de\/web\/wp-content\/uploads\/2019\/08\/Kreisstadt_Mettmann_Logo_RGB_150dpi.png","contentUrl":"https:\/\/www.mettmann.de\/web\/wp-content\/uploads\/2019\/08\/Kreisstadt_Mettmann_Logo_RGB_150dpi.png","width":1302,"height":191,"caption":"Kreisstadt Mettmann"},"image":{"@id":"https:\/\/www.mettmann.de\/web\/#\/schema\/logo\/image\/"},"sameAs":["https:\/\/www.facebook.com\/kreisstadt.mettmann","https:\/\/de.wikipedia.org\/wiki\/Mettmann"]},{"@type":"Person","@id":"https:\/\/www.mettmann.de\/web\/#\/schema\/person\/c0deeeba8d377efe8e769dc7f56c2292","name":"LekiesT"}]}},"_links":{"self":[{"href":"https:\/\/www.mettmann.de\/web\/wp-json\/wp\/v2\/posts\/7005","targetHints":{"allow":["GET"]}}],"collection":[{"href":"https:\/\/www.mettmann.de\/web\/wp-json\/wp\/v2\/posts"}],"about":[{"href":"https:\/\/www.mettmann.de\/web\/wp-json\/wp\/v2\/types\/post"}],"author":[{"embeddable":true,"href":"https:\/\/www.mettmann.de\/web\/wp-json\/wp\/v2\/users\/2"}],"replies":[{"embeddable":true,"href":"https:\/\/www.mettmann.de\/web\/wp-json\/wp\/v2\/comments?post=7005"}],"version-history":[{"count":11,"href":"https:\/\/www.mettmann.de\/web\/wp-json\/wp\/v2\/posts\/7005\/revisions"}],"predecessor-version":[{"id":7021,"href":"https:\/\/www.mettmann.de\/web\/wp-json\/wp\/v2\/posts\/7005\/revisions\/7021"}],"wp:featuredmedia":[{"embeddable":true,"href":"https:\/\/www.mettmann.de\/web\/wp-json\/wp\/v2\/media\/7012"}],"wp:attachment":[{"href":"https:\/\/www.mettmann.de\/web\/wp-json\/wp\/v2\/media?parent=7005"}],"wp:term":[{"taxonomy":"category","embeddable":true,"href":"https:\/\/www.mettmann.de\/web\/wp-json\/wp\/v2\/categories?post=7005"},{"taxonomy":"post_tag","embeddable":true,"href":"https:\/\/www.mettmann.de\/web\/wp-json\/wp\/v2\/tags?post=7005"}],"curies":[{"name":"wp","href":"https:\/\/api.w.org\/{rel}","templated":true}]}}