{"id":7705,"date":"2020-09-29T13:59:22","date_gmt":"2020-09-29T11:59:22","guid":{"rendered":"https:\/\/www.mettmann.de\/web\/?p=7705"},"modified":"2020-09-29T14:21:15","modified_gmt":"2020-09-29T12:21:15","slug":"mettmanner-kita-gewinnt-kuerbis-wettbewerb","status":"publish","type":"post","link":"https:\/\/www.mettmann.de\/web\/mettmanner-kita-gewinnt-kuerbis-wettbewerb\/","title":{"rendered":"Mettmanner Kita gewinnt K\u00fcrbis-Wettbewerb"},"content":{"rendered":"<p>Leon war aufgeregt, als er den Artikel mit in die Kita brachte. In der Zeitung wurde der Wettbewerb \u201eVom Kompost zum K\u00fcrbis\u201c angek\u00fcndigt. Schnell war klar, dass die St\u00e4dtische Kita Rheinstra\u00dfe auch teilnehmen w\u00fcrde. Leon und seine Erzieherin Semra Konca meldeten sich an und dann ging es los. Die Kindergartenkinder legten ein Beet an, informierten sich genau \u00fcber die Entstehung von K\u00fcrbissen und pflanzten Samen ein. Und einige Monate sp\u00e4ter hatten sie tats\u00e4chlich den schwersten K\u00fcrbis im ganzen Kreis gez\u00fcchtet.<\/p>\n<p>18,3 Kilogramm Frucht pr\u00e4sentierten die Nachwuchsz\u00fcchter voller Stolz nun im Rahmen der Preisverleihung im Garten der Kita. Landrat Thomas Hendele \u00fcbergab ihnen eine Urkunde sowie einen Gutschein \u00fcber 300 Euro f\u00fcr den ersten Platz im Wettbewerb. Bereits zum neunten Mal hatte der Kreis Mettmann Kitas, Grund- und F\u00f6rderschulen sowie Ogatas dazu aufgerufen, eigene K\u00fcrbisse zu pflanzen und so die Bedeutung von Kompost in den Mittelpunkt zu r\u00fccken. Landrat Hendele betonte, wie wichtig es sei, dass man bereits die Kleinsten an das Thema Kompost heranf\u00fchre: \u201eSo kann schon im Kindesalter das Interesse f\u00fcr die \u00f6kologisch sinnvolle Verwertung von Bioabfall geweckt werden und sich positiv auf den sp\u00e4teren Umgang mit Abf\u00e4llen auswirken\u201c. Ulrike Leineweber, die Leiterin der Kita Rheinstra\u00dfe, kam zu einem passenden Fazit des Wettbewerbs: \u201eKompostierung lohnt sich.\u201c<\/p>\n<p>Auch in Haan und Langenfeld gab es Grund zur Freude. Die Haaner Kita St. Chrysanthus und Daria verpasste mit 17,2 Kilogramm\u00a0 den ersten Platz und erhielt daf\u00fcr einen Gutschein \u00fcber 250 Euro. Auf Platz 3 landeten die Sch\u00fcler der Grundschule G\u00f6tscher Weg in Langenfeld. Ihr K\u00fcrbis brachte noch stolze 12,7 Kilogramm auf die Waage und den Grundsch\u00fclern einen Gutschein \u00fcber 200 Euro.<\/p>\n","protected":false},"excerpt":{"rendered":"<p>Leon war aufgeregt, als er den Artikel mit in die Kita brachte. In der Zeitung wurde der Wettbewerb \u201eVom Kompost zum K\u00fcrbis\u201c angek\u00fcndigt. Schnell war klar, dass die St\u00e4dtische Kita Rheinstra\u00dfe auch teilnehmen w\u00fcrde. Leon&#8230;<\/p>\n","protected":false},"author":2,"featured_media":7709,"comment_status":"closed","ping_status":"open","sticky":false,"template":"","format":"standard","meta":{"ngg_post_thumbnail":0,"footnotes":""},"categories":[1],"tags":[1406,1405],"class_list":["post-7705","post","type-post","status-publish","format-standard","has-post-thumbnail","hentry","category-allgemein","tag-kita-rheinstrasse","tag-kuerbis-wettbewerb"],"yoast_head":"<!-- This site is optimized with the Yoast SEO plugin v27.2 - https:\/\/yoast.com\/product\/yoast-seo-wordpress\/ -->\n<title>Mettmanner Kita gewinnt K\u00fcrbis-Wettbewerb<\/title>\n<meta name=\"robots\" content=\"index, follow, max-snippet:-1, max-image-preview:large, max-video-preview:-1\" \/>\n<link rel=\"canonical\" href=\"https:\/\/www.mettmann.de\/web\/mettmanner-kita-gewinnt-kuerbis-wettbewerb\/\" \/>\n<meta property=\"og:locale\" content=\"de_DE\" \/>\n<meta property=\"og:type\" content=\"article\" \/>\n<meta property=\"og:title\" content=\"Mettmanner Kita gewinnt K\u00fcrbis-Wettbewerb\" \/>\n<meta property=\"og:description\" content=\"Leon war aufgeregt, als er den Artikel mit in die Kita brachte. In der Zeitung wurde der Wettbewerb \u201eVom Kompost zum K\u00fcrbis\u201c angek\u00fcndigt. Schnell war klar, dass die St\u00e4dtische Kita Rheinstra\u00dfe auch teilnehmen w\u00fcrde. Leon...\" \/>\n<meta property=\"og:url\" content=\"https:\/\/www.mettmann.de\/web\/mettmanner-kita-gewinnt-kuerbis-wettbewerb\/\" \/>\n<meta property=\"og:site_name\" content=\"Stadtverwaltung Mettmann\" \/>\n<meta property=\"article:publisher\" content=\"https:\/\/www.facebook.com\/kreisstadt.mettmann\" \/>\n<meta property=\"article:published_time\" content=\"2020-09-29T11:59:22+00:00\" \/>\n<meta property=\"article:modified_time\" content=\"2020-09-29T12:21:15+00:00\" \/>\n<meta property=\"og:image\" content=\"https:\/\/www.mettmann.de\/web\/wp-content\/uploads\/2020\/09\/K\u00fcrbis-2.jpg\" \/>\n\t<meta property=\"og:image:width\" content=\"1136\" \/>\n\t<meta property=\"og:image:height\" content=\"723\" \/>\n\t<meta property=\"og:image:type\" content=\"image\/jpeg\" \/>\n<meta name=\"author\" content=\"LekiesT\" \/>\n<meta name=\"twitter:card\" content=\"summary_large_image\" \/>\n<meta name=\"twitter:label1\" content=\"Verfasst von\" \/>\n\t<meta name=\"twitter:data1\" content=\"LekiesT\" \/>\n\t<meta name=\"twitter:label2\" content=\"Gesch\u00e4tzte Lesezeit\" \/>\n\t<meta name=\"twitter:data2\" content=\"1\u00a0Minute\" \/>\n<script type=\"application\/ld+json\" class=\"yoast-schema-graph\">{\"@context\":\"https:\/\/schema.org\",\"@graph\":[{\"@type\":\"Article\",\"@id\":\"https:\/\/www.mettmann.de\/web\/mettmanner-kita-gewinnt-kuerbis-wettbewerb\/#article\",\"isPartOf\":{\"@id\":\"https:\/\/www.mettmann.de\/web\/mettmanner-kita-gewinnt-kuerbis-wettbewerb\/\"},\"author\":{\"name\":\"LekiesT\",\"@id\":\"https:\/\/www.mettmann.de\/web\/#\/schema\/person\/c0deeeba8d377efe8e769dc7f56c2292\"},\"headline\":\"Mettmanner Kita gewinnt K\u00fcrbis-Wettbewerb\",\"datePublished\":\"2020-09-29T11:59:22+00:00\",\"dateModified\":\"2020-09-29T12:21:15+00:00\",\"mainEntityOfPage\":{\"@id\":\"https:\/\/www.mettmann.de\/web\/mettmanner-kita-gewinnt-kuerbis-wettbewerb\/\"},\"wordCount\":293,\"publisher\":{\"@id\":\"https:\/\/www.mettmann.de\/web\/#organization\"},\"image\":{\"@id\":\"https:\/\/www.mettmann.de\/web\/mettmanner-kita-gewinnt-kuerbis-wettbewerb\/#primaryimage\"},\"thumbnailUrl\":\"https:\/\/www.mettmann.de\/web\/wp-content\/uploads\/2020\/09\/K\u00fcrbis-2.jpg\",\"keywords\":[\"Kita Rheinstra\u00dfe\",\"K\u00fcrbis-Wettbewerb\"],\"inLanguage\":\"de\"},{\"@type\":\"WebPage\",\"@id\":\"https:\/\/www.mettmann.de\/web\/mettmanner-kita-gewinnt-kuerbis-wettbewerb\/\",\"url\":\"https:\/\/www.mettmann.de\/web\/mettmanner-kita-gewinnt-kuerbis-wettbewerb\/\",\"name\":\"Mettmanner Kita gewinnt K\u00fcrbis-Wettbewerb\",\"isPartOf\":{\"@id\":\"https:\/\/www.mettmann.de\/web\/#website\"},\"primaryImageOfPage\":{\"@id\":\"https:\/\/www.mettmann.de\/web\/mettmanner-kita-gewinnt-kuerbis-wettbewerb\/#primaryimage\"},\"image\":{\"@id\":\"https:\/\/www.mettmann.de\/web\/mettmanner-kita-gewinnt-kuerbis-wettbewerb\/#primaryimage\"},\"thumbnailUrl\":\"https:\/\/www.mettmann.de\/web\/wp-content\/uploads\/2020\/09\/K\u00fcrbis-2.jpg\",\"datePublished\":\"2020-09-29T11:59:22+00:00\",\"dateModified\":\"2020-09-29T12:21:15+00:00\",\"breadcrumb\":{\"@id\":\"https:\/\/www.mettmann.de\/web\/mettmanner-kita-gewinnt-kuerbis-wettbewerb\/#breadcrumb\"},\"inLanguage\":\"de\",\"potentialAction\":[{\"@type\":\"ReadAction\",\"target\":[\"https:\/\/www.mettmann.de\/web\/mettmanner-kita-gewinnt-kuerbis-wettbewerb\/\"]}]},{\"@type\":\"ImageObject\",\"inLanguage\":\"de\",\"@id\":\"https:\/\/www.mettmann.de\/web\/mettmanner-kita-gewinnt-kuerbis-wettbewerb\/#primaryimage\",\"url\":\"https:\/\/www.mettmann.de\/web\/wp-content\/uploads\/2020\/09\/K\u00fcrbis-2.jpg\",\"contentUrl\":\"https:\/\/www.mettmann.de\/web\/wp-content\/uploads\/2020\/09\/K\u00fcrbis-2.jpg\",\"width\":1136,\"height\":723,\"caption\":\"Dirk Sondermann, Gesch\u00e4ftsf\u00fchrer KDM, Ulrike Leineweber, Leiterin der St\u00e4dtischen Kita Rheinstra\u00dfe und Landrat Thomas Hendele mit den Kindern und dem Siegerk\u00fcrbis. (Foto: Kreis Mettmann)\"},{\"@type\":\"BreadcrumbList\",\"@id\":\"https:\/\/www.mettmann.de\/web\/mettmanner-kita-gewinnt-kuerbis-wettbewerb\/#breadcrumb\",\"itemListElement\":[{\"@type\":\"ListItem\",\"position\":1,\"name\":\"Startseite\",\"item\":\"https:\/\/www.mettmann.de\/web\/\"},{\"@type\":\"ListItem\",\"position\":2,\"name\":\"Mettmanner Kita gewinnt K\u00fcrbis-Wettbewerb\"}]},{\"@type\":\"WebSite\",\"@id\":\"https:\/\/www.mettmann.de\/web\/#website\",\"url\":\"https:\/\/www.mettmann.de\/web\/\",\"name\":\"Stadtverwaltung Mettmann\",\"description\":\"Internetseite der Kreisstadt Mettmann\",\"publisher\":{\"@id\":\"https:\/\/www.mettmann.de\/web\/#organization\"},\"potentialAction\":[{\"@type\":\"SearchAction\",\"target\":{\"@type\":\"EntryPoint\",\"urlTemplate\":\"https:\/\/www.mettmann.de\/web\/?s={search_term_string}\"},\"query-input\":{\"@type\":\"PropertyValueSpecification\",\"valueRequired\":true,\"valueName\":\"search_term_string\"}}],\"inLanguage\":\"de\"},{\"@type\":\"Organization\",\"@id\":\"https:\/\/www.mettmann.de\/web\/#organization\",\"name\":\"Kreisstadt Mettmann\",\"url\":\"https:\/\/www.mettmann.de\/web\/\",\"logo\":{\"@type\":\"ImageObject\",\"inLanguage\":\"de\",\"@id\":\"https:\/\/www.mettmann.de\/web\/#\/schema\/logo\/image\/\",\"url\":\"https:\/\/www.mettmann.de\/web\/wp-content\/uploads\/2019\/08\/Kreisstadt_Mettmann_Logo_RGB_150dpi.png\",\"contentUrl\":\"https:\/\/www.mettmann.de\/web\/wp-content\/uploads\/2019\/08\/Kreisstadt_Mettmann_Logo_RGB_150dpi.png\",\"width\":1302,\"height\":191,\"caption\":\"Kreisstadt Mettmann\"},\"image\":{\"@id\":\"https:\/\/www.mettmann.de\/web\/#\/schema\/logo\/image\/\"},\"sameAs\":[\"https:\/\/www.facebook.com\/kreisstadt.mettmann\",\"https:\/\/de.wikipedia.org\/wiki\/Mettmann\"]},{\"@type\":\"Person\",\"@id\":\"https:\/\/www.mettmann.de\/web\/#\/schema\/person\/c0deeeba8d377efe8e769dc7f56c2292\",\"name\":\"LekiesT\"}]}<\/script>\n<!-- \/ Yoast SEO plugin. -->","yoast_head_json":{"title":"Mettmanner Kita gewinnt K\u00fcrbis-Wettbewerb","robots":{"index":"index","follow":"follow","max-snippet":"max-snippet:-1","max-image-preview":"max-image-preview:large","max-video-preview":"max-video-preview:-1"},"canonical":"https:\/\/www.mettmann.de\/web\/mettmanner-kita-gewinnt-kuerbis-wettbewerb\/","og_locale":"de_DE","og_type":"article","og_title":"Mettmanner Kita gewinnt K\u00fcrbis-Wettbewerb","og_description":"Leon war aufgeregt, als er den Artikel mit in die Kita brachte. In der Zeitung wurde der Wettbewerb \u201eVom Kompost zum K\u00fcrbis\u201c angek\u00fcndigt. Schnell war klar, dass die St\u00e4dtische Kita Rheinstra\u00dfe auch teilnehmen w\u00fcrde. Leon...","og_url":"https:\/\/www.mettmann.de\/web\/mettmanner-kita-gewinnt-kuerbis-wettbewerb\/","og_site_name":"Stadtverwaltung Mettmann","article_publisher":"https:\/\/www.facebook.com\/kreisstadt.mettmann","article_published_time":"2020-09-29T11:59:22+00:00","article_modified_time":"2020-09-29T12:21:15+00:00","og_image":[{"width":1136,"height":723,"url":"https:\/\/www.mettmann.de\/web\/wp-content\/uploads\/2020\/09\/K\u00fcrbis-2.jpg","type":"image\/jpeg"}],"author":"LekiesT","twitter_card":"summary_large_image","twitter_misc":{"Verfasst von":"LekiesT","Gesch\u00e4tzte Lesezeit":"1\u00a0Minute"},"schema":{"@context":"https:\/\/schema.org","@graph":[{"@type":"Article","@id":"https:\/\/www.mettmann.de\/web\/mettmanner-kita-gewinnt-kuerbis-wettbewerb\/#article","isPartOf":{"@id":"https:\/\/www.mettmann.de\/web\/mettmanner-kita-gewinnt-kuerbis-wettbewerb\/"},"author":{"name":"LekiesT","@id":"https:\/\/www.mettmann.de\/web\/#\/schema\/person\/c0deeeba8d377efe8e769dc7f56c2292"},"headline":"Mettmanner Kita gewinnt K\u00fcrbis-Wettbewerb","datePublished":"2020-09-29T11:59:22+00:00","dateModified":"2020-09-29T12:21:15+00:00","mainEntityOfPage":{"@id":"https:\/\/www.mettmann.de\/web\/mettmanner-kita-gewinnt-kuerbis-wettbewerb\/"},"wordCount":293,"publisher":{"@id":"https:\/\/www.mettmann.de\/web\/#organization"},"image":{"@id":"https:\/\/www.mettmann.de\/web\/mettmanner-kita-gewinnt-kuerbis-wettbewerb\/#primaryimage"},"thumbnailUrl":"https:\/\/www.mettmann.de\/web\/wp-content\/uploads\/2020\/09\/K\u00fcrbis-2.jpg","keywords":["Kita Rheinstra\u00dfe","K\u00fcrbis-Wettbewerb"],"inLanguage":"de"},{"@type":"WebPage","@id":"https:\/\/www.mettmann.de\/web\/mettmanner-kita-gewinnt-kuerbis-wettbewerb\/","url":"https:\/\/www.mettmann.de\/web\/mettmanner-kita-gewinnt-kuerbis-wettbewerb\/","name":"Mettmanner Kita gewinnt K\u00fcrbis-Wettbewerb","isPartOf":{"@id":"https:\/\/www.mettmann.de\/web\/#website"},"primaryImageOfPage":{"@id":"https:\/\/www.mettmann.de\/web\/mettmanner-kita-gewinnt-kuerbis-wettbewerb\/#primaryimage"},"image":{"@id":"https:\/\/www.mettmann.de\/web\/mettmanner-kita-gewinnt-kuerbis-wettbewerb\/#primaryimage"},"thumbnailUrl":"https:\/\/www.mettmann.de\/web\/wp-content\/uploads\/2020\/09\/K\u00fcrbis-2.jpg","datePublished":"2020-09-29T11:59:22+00:00","dateModified":"2020-09-29T12:21:15+00:00","breadcrumb":{"@id":"https:\/\/www.mettmann.de\/web\/mettmanner-kita-gewinnt-kuerbis-wettbewerb\/#breadcrumb"},"inLanguage":"de","potentialAction":[{"@type":"ReadAction","target":["https:\/\/www.mettmann.de\/web\/mettmanner-kita-gewinnt-kuerbis-wettbewerb\/"]}]},{"@type":"ImageObject","inLanguage":"de","@id":"https:\/\/www.mettmann.de\/web\/mettmanner-kita-gewinnt-kuerbis-wettbewerb\/#primaryimage","url":"https:\/\/www.mettmann.de\/web\/wp-content\/uploads\/2020\/09\/K\u00fcrbis-2.jpg","contentUrl":"https:\/\/www.mettmann.de\/web\/wp-content\/uploads\/2020\/09\/K\u00fcrbis-2.jpg","width":1136,"height":723,"caption":"Dirk Sondermann, Gesch\u00e4ftsf\u00fchrer KDM, Ulrike Leineweber, Leiterin der St\u00e4dtischen Kita Rheinstra\u00dfe und Landrat Thomas Hendele mit den Kindern und dem Siegerk\u00fcrbis. (Foto: Kreis Mettmann)"},{"@type":"BreadcrumbList","@id":"https:\/\/www.mettmann.de\/web\/mettmanner-kita-gewinnt-kuerbis-wettbewerb\/#breadcrumb","itemListElement":[{"@type":"ListItem","position":1,"name":"Startseite","item":"https:\/\/www.mettmann.de\/web\/"},{"@type":"ListItem","position":2,"name":"Mettmanner Kita gewinnt K\u00fcrbis-Wettbewerb"}]},{"@type":"WebSite","@id":"https:\/\/www.mettmann.de\/web\/#website","url":"https:\/\/www.mettmann.de\/web\/","name":"Stadtverwaltung Mettmann","description":"Internetseite der Kreisstadt Mettmann","publisher":{"@id":"https:\/\/www.mettmann.de\/web\/#organization"},"potentialAction":[{"@type":"SearchAction","target":{"@type":"EntryPoint","urlTemplate":"https:\/\/www.mettmann.de\/web\/?s={search_term_string}"},"query-input":{"@type":"PropertyValueSpecification","valueRequired":true,"valueName":"search_term_string"}}],"inLanguage":"de"},{"@type":"Organization","@id":"https:\/\/www.mettmann.de\/web\/#organization","name":"Kreisstadt Mettmann","url":"https:\/\/www.mettmann.de\/web\/","logo":{"@type":"ImageObject","inLanguage":"de","@id":"https:\/\/www.mettmann.de\/web\/#\/schema\/logo\/image\/","url":"https:\/\/www.mettmann.de\/web\/wp-content\/uploads\/2019\/08\/Kreisstadt_Mettmann_Logo_RGB_150dpi.png","contentUrl":"https:\/\/www.mettmann.de\/web\/wp-content\/uploads\/2019\/08\/Kreisstadt_Mettmann_Logo_RGB_150dpi.png","width":1302,"height":191,"caption":"Kreisstadt Mettmann"},"image":{"@id":"https:\/\/www.mettmann.de\/web\/#\/schema\/logo\/image\/"},"sameAs":["https:\/\/www.facebook.com\/kreisstadt.mettmann","https:\/\/de.wikipedia.org\/wiki\/Mettmann"]},{"@type":"Person","@id":"https:\/\/www.mettmann.de\/web\/#\/schema\/person\/c0deeeba8d377efe8e769dc7f56c2292","name":"LekiesT"}]}},"_links":{"self":[{"href":"https:\/\/www.mettmann.de\/web\/wp-json\/wp\/v2\/posts\/7705","targetHints":{"allow":["GET"]}}],"collection":[{"href":"https:\/\/www.mettmann.de\/web\/wp-json\/wp\/v2\/posts"}],"about":[{"href":"https:\/\/www.mettmann.de\/web\/wp-json\/wp\/v2\/types\/post"}],"author":[{"embeddable":true,"href":"https:\/\/www.mettmann.de\/web\/wp-json\/wp\/v2\/users\/2"}],"replies":[{"embeddable":true,"href":"https:\/\/www.mettmann.de\/web\/wp-json\/wp\/v2\/comments?post=7705"}],"version-history":[{"count":2,"href":"https:\/\/www.mettmann.de\/web\/wp-json\/wp\/v2\/posts\/7705\/revisions"}],"predecessor-version":[{"id":7710,"href":"https:\/\/www.mettmann.de\/web\/wp-json\/wp\/v2\/posts\/7705\/revisions\/7710"}],"wp:featuredmedia":[{"embeddable":true,"href":"https:\/\/www.mettmann.de\/web\/wp-json\/wp\/v2\/media\/7709"}],"wp:attachment":[{"href":"https:\/\/www.mettmann.de\/web\/wp-json\/wp\/v2\/media?parent=7705"}],"wp:term":[{"taxonomy":"category","embeddable":true,"href":"https:\/\/www.mettmann.de\/web\/wp-json\/wp\/v2\/categories?post=7705"},{"taxonomy":"post_tag","embeddable":true,"href":"https:\/\/www.mettmann.de\/web\/wp-json\/wp\/v2\/tags?post=7705"}],"curies":[{"name":"wp","href":"https:\/\/api.w.org\/{rel}","templated":true}]}}