{"id":8951,"date":"2020-12-02T13:31:40","date_gmt":"2020-12-02T12:31:40","guid":{"rendered":"https:\/\/www.mettmann.de\/web\/?p=8951"},"modified":"2021-09-28T15:53:58","modified_gmt":"2021-09-28T13:53:58","slug":"abstimmung-zum-weihnachtsbaum-schmuckwettbewerb-gestartet","status":"publish","type":"post","link":"https:\/\/www.mettmann.de\/web\/abstimmung-zum-weihnachtsbaum-schmuckwettbewerb-gestartet\/","title":{"rendered":"Abstimmung zum Weihnachtsbaum-Schmuckwettbewerb"},"content":{"rendered":"<p>Auch wenn &#8211; wie berichtet &#8211; einige der sch\u00f6n geschm\u00fcckten Weihnachtsb\u00e4ume heute Nacht mutwillig zerst\u00f6rt wurden, wollen wir heute mit dem Weihnachtsbaum-Schmuckwettbewerb in die n\u00e4chste Runde gehen. Schlie\u00dflich wurden alle geschm\u00fcckten B\u00e4ume f\u00fcr unsere Online-Galerie fotografiert. Ab sofort gibt es die M\u00f6glichkeit auf der st\u00e4dtischen Internetseite f\u00fcr die sch\u00f6nsten Weihnachtsb\u00e4ume in der Mettmanner Innenstadt abzustimmen. Alle B\u00e4ume wurden bei besten Wetterbedingungen fotografiert und sind nun online mit einer zugeordneten Nummer zu finden, die Abstimmung erfolgt per Formular unter <a href=\"http:\/\/www.mettmann.de\/schmuckwettbewerb\">www.mettmann.de\/schmuckwettbewerb<\/a><\/p>\n<p>Die st\u00e4dtische Stadtmarketing-Abteilung hat in Zusammenarbeit mit Solveig Clausen insgesamt 50 Weihnachtsb\u00e4ume bestellt, die in der Mettmanner Innenstadt aufgestellt wurden. Schulen, Kitas, Gesch\u00e4ftsleute, Vereine und Privatpersonen waren aufgerufen, die Weihnachtsb\u00e4ume individuell zu schm\u00fccken. Die Schmuckaktion kam so gut an, dass auch der WDR in der <a href=\"https:\/\/www1.wdr.de\/fernsehen\/lokalzeit\/duesseldorf\/\" target=\"_blank\" rel=\"noopener noreferrer\">Lokalzeit D\u00fcsseldorf<\/a> am 30. November berichtete.<\/p>\n<h3>Aule Mettmanner belohnen teilnehmende Schulen<\/h3>\n<p>Auch die B\u00fcrger- und Heimatvereinigung <a href=\"http:\/\/www.aulemettmanner.de\" target=\"_blank\" rel=\"noopener noreferrer\">Aule Mettmanner<\/a> hat sich beteiligt und f\u00fcr alle Schulen, die an der Schmuckaktion teilgenommen und damit die Innenstadt versch\u00f6nert haben, einen Betrag von insgesamt 600 Euro zur Verf\u00fcgung gestellt. Vor wenigen Tagen wurden an der Sch\u00e4fergruppe die Umschl\u00e4ge mit jeweils 50 Euro von Aulen-Vorstandsmitglied Ellen Jasper an die Vertreterinnen und Vertreter der Schulen \u00fcbergeben &#8211; nat\u00fcrlich unter Einhaltung der coronabedingten Hygiene- und Abstandsregeln.<\/p>\n<h3>Abstimmung bis zum 18. Dezember<\/h3>\n<p>Die Abstimmung l\u00e4uft bis einschlie\u00dflich Freitag, 18. Dezember, und wird anschlie\u00dfend ausgewertet. Die sch\u00f6nsten B\u00e4ume werden mit Einkaufsgutscheinen in H\u00f6he von 25, 50 und 100 Euro pr\u00e4miert. Ob es eine \u00f6ffentliche Gewinn\u00fcbergabe geben wird, soll nach Ablauf der Abstimmung kurzfristig entschieden werden, ansonsten werden die Preise in einem kleinen coronakonformen Rahmen \u00fcbergeben.<\/p>\n","protected":false},"excerpt":{"rendered":"<p>Auch wenn &#8211; wie berichtet &#8211; einige der sch\u00f6n geschm\u00fcckten Weihnachtsb\u00e4ume heute Nacht mutwillig zerst\u00f6rt wurden, wollen wir heute mit dem Weihnachtsbaum-Schmuckwettbewerb in die n\u00e4chste Runde gehen. Schlie\u00dflich wurden alle geschm\u00fcckten B\u00e4ume f\u00fcr unsere Online-Galerie&#8230;<\/p>\n","protected":false},"author":1,"featured_media":8950,"comment_status":"closed","ping_status":"open","sticky":false,"template":"","format":"standard","meta":{"ngg_post_thumbnail":0,"footnotes":""},"categories":[1],"tags":[1598,276,4,1516,1573,1412,621],"class_list":["post-8951","post","type-post","status-publish","format-standard","has-post-thumbnail","hentry","category-allgemein","tag-abstimmung","tag-aule-mettmanner","tag-mettmann","tag-schmuckaktion","tag-schmuckwettbewerb","tag-stadtmarketing","tag-weihnachtsbaeume"],"yoast_head":"<!-- This site is optimized with the Yoast SEO plugin v27.2 - https:\/\/yoast.com\/product\/yoast-seo-wordpress\/ -->\n<title>Abstimmung zum Weihnachtsbaum-Schmuckwettbewerb<\/title>\n<meta name=\"robots\" content=\"index, follow, max-snippet:-1, max-image-preview:large, max-video-preview:-1\" \/>\n<link rel=\"canonical\" href=\"https:\/\/www.mettmann.de\/web\/abstimmung-zum-weihnachtsbaum-schmuckwettbewerb-gestartet\/\" \/>\n<meta property=\"og:locale\" content=\"de_DE\" \/>\n<meta property=\"og:type\" content=\"article\" \/>\n<meta property=\"og:title\" content=\"Abstimmung zum Weihnachtsbaum-Schmuckwettbewerb\" \/>\n<meta property=\"og:description\" content=\"Auch wenn &#8211; wie berichtet &#8211; einige der sch\u00f6n geschm\u00fcckten Weihnachtsb\u00e4ume heute Nacht mutwillig zerst\u00f6rt wurden, wollen wir heute mit dem Weihnachtsbaum-Schmuckwettbewerb in die n\u00e4chste Runde gehen. Schlie\u00dflich wurden alle geschm\u00fcckten B\u00e4ume f\u00fcr unsere Online-Galerie...\" \/>\n<meta property=\"og:url\" content=\"https:\/\/www.mettmann.de\/web\/abstimmung-zum-weihnachtsbaum-schmuckwettbewerb-gestartet\/\" \/>\n<meta property=\"og:site_name\" content=\"Stadtverwaltung Mettmann\" \/>\n<meta property=\"article:publisher\" content=\"https:\/\/www.facebook.com\/kreisstadt.mettmann\" \/>\n<meta property=\"article:published_time\" content=\"2020-12-02T12:31:40+00:00\" \/>\n<meta property=\"article:modified_time\" content=\"2021-09-28T13:53:58+00:00\" \/>\n<meta property=\"og:image\" content=\"https:\/\/www.mettmann.de\/web\/wp-content\/uploads\/2020\/12\/weihnachtsbaum-schmuckaktion-mettmann-scaled.jpg\" \/>\n\t<meta property=\"og:image:width\" content=\"2560\" \/>\n\t<meta property=\"og:image:height\" content=\"1707\" \/>\n\t<meta property=\"og:image:type\" content=\"image\/jpeg\" \/>\n<meta name=\"author\" content=\"chbarra\" \/>\n<meta name=\"twitter:card\" content=\"summary_large_image\" \/>\n<meta name=\"twitter:label1\" content=\"Verfasst von\" \/>\n\t<meta name=\"twitter:data1\" content=\"chbarra\" \/>\n\t<meta name=\"twitter:label2\" content=\"Gesch\u00e4tzte Lesezeit\" \/>\n\t<meta name=\"twitter:data2\" content=\"2\u00a0Minuten\" \/>\n<script type=\"application\/ld+json\" class=\"yoast-schema-graph\">{\"@context\":\"https:\/\/schema.org\",\"@graph\":[{\"@type\":\"Article\",\"@id\":\"https:\/\/www.mettmann.de\/web\/abstimmung-zum-weihnachtsbaum-schmuckwettbewerb-gestartet\/#article\",\"isPartOf\":{\"@id\":\"https:\/\/www.mettmann.de\/web\/abstimmung-zum-weihnachtsbaum-schmuckwettbewerb-gestartet\/\"},\"author\":{\"name\":\"chbarra\",\"@id\":\"https:\/\/www.mettmann.de\/web\/#\/schema\/person\/03e91284de46d07dd5399ec4af554dc6\"},\"headline\":\"Abstimmung zum Weihnachtsbaum-Schmuckwettbewerb\",\"datePublished\":\"2020-12-02T12:31:40+00:00\",\"dateModified\":\"2021-09-28T13:53:58+00:00\",\"mainEntityOfPage\":{\"@id\":\"https:\/\/www.mettmann.de\/web\/abstimmung-zum-weihnachtsbaum-schmuckwettbewerb-gestartet\/\"},\"wordCount\":293,\"publisher\":{\"@id\":\"https:\/\/www.mettmann.de\/web\/#organization\"},\"image\":{\"@id\":\"https:\/\/www.mettmann.de\/web\/abstimmung-zum-weihnachtsbaum-schmuckwettbewerb-gestartet\/#primaryimage\"},\"thumbnailUrl\":\"https:\/\/www.mettmann.de\/web\/wp-content\/uploads\/2020\/12\/weihnachtsbaum-schmuckaktion-mettmann-scaled.jpg\",\"keywords\":[\"Abstimmung\",\"Aule Mettmanner\",\"Mettmann\",\"Schmuckaktion\",\"Schmuckwettbewerb\",\"Stadtmarketing\",\"Weihnachtsb\u00e4ume\"],\"inLanguage\":\"de\"},{\"@type\":\"WebPage\",\"@id\":\"https:\/\/www.mettmann.de\/web\/abstimmung-zum-weihnachtsbaum-schmuckwettbewerb-gestartet\/\",\"url\":\"https:\/\/www.mettmann.de\/web\/abstimmung-zum-weihnachtsbaum-schmuckwettbewerb-gestartet\/\",\"name\":\"Abstimmung zum Weihnachtsbaum-Schmuckwettbewerb\",\"isPartOf\":{\"@id\":\"https:\/\/www.mettmann.de\/web\/#website\"},\"primaryImageOfPage\":{\"@id\":\"https:\/\/www.mettmann.de\/web\/abstimmung-zum-weihnachtsbaum-schmuckwettbewerb-gestartet\/#primaryimage\"},\"image\":{\"@id\":\"https:\/\/www.mettmann.de\/web\/abstimmung-zum-weihnachtsbaum-schmuckwettbewerb-gestartet\/#primaryimage\"},\"thumbnailUrl\":\"https:\/\/www.mettmann.de\/web\/wp-content\/uploads\/2020\/12\/weihnachtsbaum-schmuckaktion-mettmann-scaled.jpg\",\"datePublished\":\"2020-12-02T12:31:40+00:00\",\"dateModified\":\"2021-09-28T13:53:58+00:00\",\"breadcrumb\":{\"@id\":\"https:\/\/www.mettmann.de\/web\/abstimmung-zum-weihnachtsbaum-schmuckwettbewerb-gestartet\/#breadcrumb\"},\"inLanguage\":\"de\",\"potentialAction\":[{\"@type\":\"ReadAction\",\"target\":[\"https:\/\/www.mettmann.de\/web\/abstimmung-zum-weihnachtsbaum-schmuckwettbewerb-gestartet\/\"]}]},{\"@type\":\"ImageObject\",\"inLanguage\":\"de\",\"@id\":\"https:\/\/www.mettmann.de\/web\/abstimmung-zum-weihnachtsbaum-schmuckwettbewerb-gestartet\/#primaryimage\",\"url\":\"https:\/\/www.mettmann.de\/web\/wp-content\/uploads\/2020\/12\/weihnachtsbaum-schmuckaktion-mettmann-scaled.jpg\",\"contentUrl\":\"https:\/\/www.mettmann.de\/web\/wp-content\/uploads\/2020\/12\/weihnachtsbaum-schmuckaktion-mettmann-scaled.jpg\",\"width\":2560,\"height\":1707,\"caption\":\"vorne v.l.: Nathalie Villi\u00e8re (Stadtmarketing), Ellen Jasper (Team Blotschenmarkt) und Solveig Clausen (Mettmann-Impulse) mit den Vertreterinnen und Vertretern der teilnehmenden Schulen. (Foto: Kreisstadt Mettmann)\"},{\"@type\":\"BreadcrumbList\",\"@id\":\"https:\/\/www.mettmann.de\/web\/abstimmung-zum-weihnachtsbaum-schmuckwettbewerb-gestartet\/#breadcrumb\",\"itemListElement\":[{\"@type\":\"ListItem\",\"position\":1,\"name\":\"Startseite\",\"item\":\"https:\/\/www.mettmann.de\/web\/\"},{\"@type\":\"ListItem\",\"position\":2,\"name\":\"Abstimmung zum Weihnachtsbaum-Schmuckwettbewerb\"}]},{\"@type\":\"WebSite\",\"@id\":\"https:\/\/www.mettmann.de\/web\/#website\",\"url\":\"https:\/\/www.mettmann.de\/web\/\",\"name\":\"Stadtverwaltung Mettmann\",\"description\":\"Internetseite der Kreisstadt Mettmann\",\"publisher\":{\"@id\":\"https:\/\/www.mettmann.de\/web\/#organization\"},\"potentialAction\":[{\"@type\":\"SearchAction\",\"target\":{\"@type\":\"EntryPoint\",\"urlTemplate\":\"https:\/\/www.mettmann.de\/web\/?s={search_term_string}\"},\"query-input\":{\"@type\":\"PropertyValueSpecification\",\"valueRequired\":true,\"valueName\":\"search_term_string\"}}],\"inLanguage\":\"de\"},{\"@type\":\"Organization\",\"@id\":\"https:\/\/www.mettmann.de\/web\/#organization\",\"name\":\"Kreisstadt Mettmann\",\"url\":\"https:\/\/www.mettmann.de\/web\/\",\"logo\":{\"@type\":\"ImageObject\",\"inLanguage\":\"de\",\"@id\":\"https:\/\/www.mettmann.de\/web\/#\/schema\/logo\/image\/\",\"url\":\"https:\/\/www.mettmann.de\/web\/wp-content\/uploads\/2019\/08\/Kreisstadt_Mettmann_Logo_RGB_150dpi.png\",\"contentUrl\":\"https:\/\/www.mettmann.de\/web\/wp-content\/uploads\/2019\/08\/Kreisstadt_Mettmann_Logo_RGB_150dpi.png\",\"width\":1302,\"height\":191,\"caption\":\"Kreisstadt Mettmann\"},\"image\":{\"@id\":\"https:\/\/www.mettmann.de\/web\/#\/schema\/logo\/image\/\"},\"sameAs\":[\"https:\/\/www.facebook.com\/kreisstadt.mettmann\",\"https:\/\/de.wikipedia.org\/wiki\/Mettmann\"]},{\"@type\":\"Person\",\"@id\":\"https:\/\/www.mettmann.de\/web\/#\/schema\/person\/03e91284de46d07dd5399ec4af554dc6\",\"name\":\"chbarra\"}]}<\/script>\n<!-- \/ Yoast SEO plugin. -->","yoast_head_json":{"title":"Abstimmung zum Weihnachtsbaum-Schmuckwettbewerb","robots":{"index":"index","follow":"follow","max-snippet":"max-snippet:-1","max-image-preview":"max-image-preview:large","max-video-preview":"max-video-preview:-1"},"canonical":"https:\/\/www.mettmann.de\/web\/abstimmung-zum-weihnachtsbaum-schmuckwettbewerb-gestartet\/","og_locale":"de_DE","og_type":"article","og_title":"Abstimmung zum Weihnachtsbaum-Schmuckwettbewerb","og_description":"Auch wenn &#8211; wie berichtet &#8211; einige der sch\u00f6n geschm\u00fcckten Weihnachtsb\u00e4ume heute Nacht mutwillig zerst\u00f6rt wurden, wollen wir heute mit dem Weihnachtsbaum-Schmuckwettbewerb in die n\u00e4chste Runde gehen. Schlie\u00dflich wurden alle geschm\u00fcckten B\u00e4ume f\u00fcr unsere Online-Galerie...","og_url":"https:\/\/www.mettmann.de\/web\/abstimmung-zum-weihnachtsbaum-schmuckwettbewerb-gestartet\/","og_site_name":"Stadtverwaltung Mettmann","article_publisher":"https:\/\/www.facebook.com\/kreisstadt.mettmann","article_published_time":"2020-12-02T12:31:40+00:00","article_modified_time":"2021-09-28T13:53:58+00:00","og_image":[{"width":2560,"height":1707,"url":"https:\/\/www.mettmann.de\/web\/wp-content\/uploads\/2020\/12\/weihnachtsbaum-schmuckaktion-mettmann-scaled.jpg","type":"image\/jpeg"}],"author":"chbarra","twitter_card":"summary_large_image","twitter_misc":{"Verfasst von":"chbarra","Gesch\u00e4tzte Lesezeit":"2\u00a0Minuten"},"schema":{"@context":"https:\/\/schema.org","@graph":[{"@type":"Article","@id":"https:\/\/www.mettmann.de\/web\/abstimmung-zum-weihnachtsbaum-schmuckwettbewerb-gestartet\/#article","isPartOf":{"@id":"https:\/\/www.mettmann.de\/web\/abstimmung-zum-weihnachtsbaum-schmuckwettbewerb-gestartet\/"},"author":{"name":"chbarra","@id":"https:\/\/www.mettmann.de\/web\/#\/schema\/person\/03e91284de46d07dd5399ec4af554dc6"},"headline":"Abstimmung zum Weihnachtsbaum-Schmuckwettbewerb","datePublished":"2020-12-02T12:31:40+00:00","dateModified":"2021-09-28T13:53:58+00:00","mainEntityOfPage":{"@id":"https:\/\/www.mettmann.de\/web\/abstimmung-zum-weihnachtsbaum-schmuckwettbewerb-gestartet\/"},"wordCount":293,"publisher":{"@id":"https:\/\/www.mettmann.de\/web\/#organization"},"image":{"@id":"https:\/\/www.mettmann.de\/web\/abstimmung-zum-weihnachtsbaum-schmuckwettbewerb-gestartet\/#primaryimage"},"thumbnailUrl":"https:\/\/www.mettmann.de\/web\/wp-content\/uploads\/2020\/12\/weihnachtsbaum-schmuckaktion-mettmann-scaled.jpg","keywords":["Abstimmung","Aule Mettmanner","Mettmann","Schmuckaktion","Schmuckwettbewerb","Stadtmarketing","Weihnachtsb\u00e4ume"],"inLanguage":"de"},{"@type":"WebPage","@id":"https:\/\/www.mettmann.de\/web\/abstimmung-zum-weihnachtsbaum-schmuckwettbewerb-gestartet\/","url":"https:\/\/www.mettmann.de\/web\/abstimmung-zum-weihnachtsbaum-schmuckwettbewerb-gestartet\/","name":"Abstimmung zum Weihnachtsbaum-Schmuckwettbewerb","isPartOf":{"@id":"https:\/\/www.mettmann.de\/web\/#website"},"primaryImageOfPage":{"@id":"https:\/\/www.mettmann.de\/web\/abstimmung-zum-weihnachtsbaum-schmuckwettbewerb-gestartet\/#primaryimage"},"image":{"@id":"https:\/\/www.mettmann.de\/web\/abstimmung-zum-weihnachtsbaum-schmuckwettbewerb-gestartet\/#primaryimage"},"thumbnailUrl":"https:\/\/www.mettmann.de\/web\/wp-content\/uploads\/2020\/12\/weihnachtsbaum-schmuckaktion-mettmann-scaled.jpg","datePublished":"2020-12-02T12:31:40+00:00","dateModified":"2021-09-28T13:53:58+00:00","breadcrumb":{"@id":"https:\/\/www.mettmann.de\/web\/abstimmung-zum-weihnachtsbaum-schmuckwettbewerb-gestartet\/#breadcrumb"},"inLanguage":"de","potentialAction":[{"@type":"ReadAction","target":["https:\/\/www.mettmann.de\/web\/abstimmung-zum-weihnachtsbaum-schmuckwettbewerb-gestartet\/"]}]},{"@type":"ImageObject","inLanguage":"de","@id":"https:\/\/www.mettmann.de\/web\/abstimmung-zum-weihnachtsbaum-schmuckwettbewerb-gestartet\/#primaryimage","url":"https:\/\/www.mettmann.de\/web\/wp-content\/uploads\/2020\/12\/weihnachtsbaum-schmuckaktion-mettmann-scaled.jpg","contentUrl":"https:\/\/www.mettmann.de\/web\/wp-content\/uploads\/2020\/12\/weihnachtsbaum-schmuckaktion-mettmann-scaled.jpg","width":2560,"height":1707,"caption":"vorne v.l.: Nathalie Villi\u00e8re (Stadtmarketing), Ellen Jasper (Team Blotschenmarkt) und Solveig Clausen (Mettmann-Impulse) mit den Vertreterinnen und Vertretern der teilnehmenden Schulen. (Foto: Kreisstadt Mettmann)"},{"@type":"BreadcrumbList","@id":"https:\/\/www.mettmann.de\/web\/abstimmung-zum-weihnachtsbaum-schmuckwettbewerb-gestartet\/#breadcrumb","itemListElement":[{"@type":"ListItem","position":1,"name":"Startseite","item":"https:\/\/www.mettmann.de\/web\/"},{"@type":"ListItem","position":2,"name":"Abstimmung zum Weihnachtsbaum-Schmuckwettbewerb"}]},{"@type":"WebSite","@id":"https:\/\/www.mettmann.de\/web\/#website","url":"https:\/\/www.mettmann.de\/web\/","name":"Stadtverwaltung Mettmann","description":"Internetseite der Kreisstadt Mettmann","publisher":{"@id":"https:\/\/www.mettmann.de\/web\/#organization"},"potentialAction":[{"@type":"SearchAction","target":{"@type":"EntryPoint","urlTemplate":"https:\/\/www.mettmann.de\/web\/?s={search_term_string}"},"query-input":{"@type":"PropertyValueSpecification","valueRequired":true,"valueName":"search_term_string"}}],"inLanguage":"de"},{"@type":"Organization","@id":"https:\/\/www.mettmann.de\/web\/#organization","name":"Kreisstadt Mettmann","url":"https:\/\/www.mettmann.de\/web\/","logo":{"@type":"ImageObject","inLanguage":"de","@id":"https:\/\/www.mettmann.de\/web\/#\/schema\/logo\/image\/","url":"https:\/\/www.mettmann.de\/web\/wp-content\/uploads\/2019\/08\/Kreisstadt_Mettmann_Logo_RGB_150dpi.png","contentUrl":"https:\/\/www.mettmann.de\/web\/wp-content\/uploads\/2019\/08\/Kreisstadt_Mettmann_Logo_RGB_150dpi.png","width":1302,"height":191,"caption":"Kreisstadt Mettmann"},"image":{"@id":"https:\/\/www.mettmann.de\/web\/#\/schema\/logo\/image\/"},"sameAs":["https:\/\/www.facebook.com\/kreisstadt.mettmann","https:\/\/de.wikipedia.org\/wiki\/Mettmann"]},{"@type":"Person","@id":"https:\/\/www.mettmann.de\/web\/#\/schema\/person\/03e91284de46d07dd5399ec4af554dc6","name":"chbarra"}]}},"_links":{"self":[{"href":"https:\/\/www.mettmann.de\/web\/wp-json\/wp\/v2\/posts\/8951","targetHints":{"allow":["GET"]}}],"collection":[{"href":"https:\/\/www.mettmann.de\/web\/wp-json\/wp\/v2\/posts"}],"about":[{"href":"https:\/\/www.mettmann.de\/web\/wp-json\/wp\/v2\/types\/post"}],"author":[{"embeddable":true,"href":"https:\/\/www.mettmann.de\/web\/wp-json\/wp\/v2\/users\/1"}],"replies":[{"embeddable":true,"href":"https:\/\/www.mettmann.de\/web\/wp-json\/wp\/v2\/comments?post=8951"}],"version-history":[{"count":7,"href":"https:\/\/www.mettmann.de\/web\/wp-json\/wp\/v2\/posts\/8951\/revisions"}],"predecessor-version":[{"id":15560,"href":"https:\/\/www.mettmann.de\/web\/wp-json\/wp\/v2\/posts\/8951\/revisions\/15560"}],"wp:featuredmedia":[{"embeddable":true,"href":"https:\/\/www.mettmann.de\/web\/wp-json\/wp\/v2\/media\/8950"}],"wp:attachment":[{"href":"https:\/\/www.mettmann.de\/web\/wp-json\/wp\/v2\/media?parent=8951"}],"wp:term":[{"taxonomy":"category","embeddable":true,"href":"https:\/\/www.mettmann.de\/web\/wp-json\/wp\/v2\/categories?post=8951"},{"taxonomy":"post_tag","embeddable":true,"href":"https:\/\/www.mettmann.de\/web\/wp-json\/wp\/v2\/tags?post=8951"}],"curies":[{"name":"wp","href":"https:\/\/api.w.org\/{rel}","templated":true}]}}